{"id":3711,"global_id":"flancourt-crescy-en-roumois.fr?id=3711","global_id_lineage":["flancourt-crescy-en-roumois.fr?id=3711"],"author":"1","status":"publish","date":"2025-05-20 14:08:55","date_utc":"2025-05-20 12:08:55","modified":"2025-05-20 14:08:55","modified_utc":"2025-05-20 12:08:55","url":"http:\/\/flancourt-crescy-en-roumois.fr\/?tribe_events=boum-dete-4","rest_url":"http:\/\/flancourt-crescy-en-roumois.fr\/index.php?rest_route=\/tribe\/events\/v1\/events\/3711","title":"Boum d&rsquo;\u00e9t\u00e9","description":"<p>Pour f\u00eater la fin de l\u2019ann\u00e9e scolaire, la municipalit\u00e9 organise pour les enfants des \u00e9coles \u00e9l\u00e9mentaires et maternelles une boum d\u2019\u00e9t\u00e9 le mercredi 02 juillet<\/p>\n<p><a href=\"http:\/\/flancourt-crescy-en-roumois.fr\/wp-content\/uploads\/2025\/05\/20250702-Boum.jpg\"><img class=\"alignnone size-large wp-image-3712\" src=\"http:\/\/flancourt-crescy-en-roumois.fr\/wp-content\/uploads\/2025\/05\/20250702-Boum-1024x709.jpg\" alt=\"\" width=\"840\" height=\"582\" srcset=\"http:\/\/flancourt-crescy-en-roumois.fr\/wp-content\/uploads\/2025\/05\/20250702-Boum-1024x709.jpg 1024w, http:\/\/flancourt-crescy-en-roumois.fr\/wp-content\/uploads\/2025\/05\/20250702-Boum-300x208.jpg 300w, http:\/\/flancourt-crescy-en-roumois.fr\/wp-content\/uploads\/2025\/05\/20250702-Boum-768x532.jpg 768w, http:\/\/flancourt-crescy-en-roumois.fr\/wp-content\/uploads\/2025\/05\/20250702-Boum-159x110.jpg 159w, http:\/\/flancourt-crescy-en-roumois.fr\/wp-content\/uploads\/2025\/05\/20250702-Boum-90x62.jpg 90w, http:\/\/flancourt-crescy-en-roumois.fr\/wp-content\/uploads\/2025\/05\/20250702-Boum-370x256.jpg 370w, http:\/\/flancourt-crescy-en-roumois.fr\/wp-content\/uploads\/2025\/05\/20250702-Boum-638x442.jpg 638w\" sizes=\"(max-width: 840px) 100vw, 840px\" \/><\/a><\/p>","excerpt":"","slug":"boum-dete-4","image":false,"all_day":false,"start_date":"2025-07-02 15:30:00","start_date_details":{"year":"2025","month":"07","day":"02","hour":"15","minutes":"30","seconds":"00"},"end_date":"2025-07-02 18:00:00","end_date_details":{"year":"2025","month":"07","day":"02","hour":"18","minutes":"00","seconds":"00"},"utc_start_date":"2025-07-02 13:30:00","utc_start_date_details":{"year":"2025","month":"07","day":"02","hour":"13","minutes":"30","seconds":"00"},"utc_end_date":"2025-07-02 16:00:00","utc_end_date_details":{"year":"2025","month":"07","day":"02","hour":"16","minutes":"00","seconds":"00"},"timezone":"Europe\/Paris","timezone_abbr":"CEST","cost":"","cost_details":{"currency_symbol":"","currency_position":"suffix","values":[]},"website":"","show_map":true,"show_map_link":true,"hide_from_listings":false,"sticky":false,"featured":false,"categories":[{"name":"Divertissement","slug":"divertissement","term_group":0,"term_taxonomy_id":5,"taxonomy":"tribe_events_cat","description":"","parent":0,"count":116,"filter":"raw","id":5,"urls":{"self":"http:\/\/flancourt-crescy-en-roumois.fr\/index.php?rest_route=\/tribe\/events\/v1\/categories\/5","collection":"http:\/\/flancourt-crescy-en-roumois.fr\/index.php?rest_route=\/tribe\/events\/v1\/categories"}}],"tags":[],"venue":{"id":80,"author":"1","status":"publish","date":"2018-01-08 23:19:22","date_utc":"2018-01-08 22:19:22","modified":"2022-02-26 08:38:39","modified_utc":"2022-02-26 07:38:39","url":"http:\/\/flancourt-crescy-en-roumois.fr\/?tribe_venue=salle-des-fetes-de-flancourt-catelon","venue":"Salle Jos\u00e9phine Baker","slug":"salle-des-fetes-de-flancourt-catelon","address":"Salle Jos\u00e9phine Baker","city":"Flancourt-Crescy en Roumois","country":"France","zip":"27310","json_ld":{"@type":"Place","name":"Salle Jos\u00e9phine Baker","description":"","url":false,"address":{"@type":"PostalAddress","streetAddress":"Salle Jos\u00e9phine Baker","addressLocality":"Flancourt-Crescy en Roumois","postalCode":"27310","addressCountry":"France"},"telephone":"","sameAs":""},"show_map":true,"show_map_link":true,"global_id":"flancourt-crescy-en-roumois.fr?id=80","global_id_lineage":["flancourt-crescy-en-roumois.fr?id=80"]},"organizer":[{"id":86,"author":"1","status":"publish","date":"2018-01-09 07:58:25","date_utc":"2018-01-09 06:58:25","modified":"2018-01-09 07:58:25","modified_utc":"2018-01-09 06:58:25","url":"http:\/\/flancourt-crescy-en-roumois.fr\/?tribe_organizer=municipalite","organizer":"Municipalit\u00e9","slug":"municipalite","json_ld":{"@type":"Person","name":"Municipalit\u00e9","description":"","url":false,"telephone":"","email":"","sameAs":""},"global_id":"flancourt-crescy-en-roumois.fr?id=86","global_id_lineage":["flancourt-crescy-en-roumois.fr?id=86"]}],"json_ld":{"@context":"http:\/\/schema.org","@type":"Event","name":"Boum d&rsquo;\u00e9t\u00e9","description":"&lt;p&gt;Pour f\u00eater la fin de l\u2019ann\u00e9e scolaire, la municipalit\u00e9 organise pour les enfants des \u00e9coles \u00e9l\u00e9mentaires et maternelles une boum d\u2019\u00e9t\u00e9 le mercredi 02 juillet&lt;\/p&gt;\\n","url":"http:\/\/flancourt-crescy-en-roumois.fr\/?tribe_events=boum-dete-4","startDate":"2025-07-02T15:30:00+02:00","endDate":"2025-07-02T18:00:00+02:00","location":{"@type":"Place","name":"Salle Jos\u00e9phine Baker","description":"","url":false,"address":{"@type":"PostalAddress","streetAddress":"Salle Jos\u00e9phine Baker","addressLocality":"Flancourt-Crescy en Roumois","postalCode":"27310","addressCountry":"France"},"telephone":"","sameAs":""},"organizer":{"@type":"Person","name":"Municipalit\u00e9","description":"","url":false,"telephone":"","email":"","sameAs":""}}}