{"id":3708,"global_id":"flancourt-crescy-en-roumois.fr?id=3708","global_id_lineage":["flancourt-crescy-en-roumois.fr?id=3708"],"author":"1","status":"publish","date":"2025-05-20 14:00:14","date_utc":"2025-05-20 12:00:14","modified":"2025-05-20 21:00:19","modified_utc":"2025-05-20 19:00:19","url":"http:\/\/flancourt-crescy-en-roumois.fr\/?tribe_events=tracto-bar-10","rest_url":"http:\/\/flancourt-crescy-en-roumois.fr\/index.php?rest_route=\/tribe\/events\/v1\/events\/3708","title":"Tract&rsquo;O Bar","description":"<p><strong>Le Tract&rsquo;o bar<\/strong> sera \u00e0 Bosc-B\u00e9nard-Crescy le vendredi 4 juillet de 19h30 \u00e0 22h30. R\u00e9servez votre soir\u00e9e<\/p>\n<p><a href=\"http:\/\/flancourt-crescy-en-roumois.fr\/wp-content\/uploads\/2025\/05\/2025-tracto.jpg\"><img class=\"alignnone wp-image-3724 size-large\" src=\"http:\/\/flancourt-crescy-en-roumois.fr\/wp-content\/uploads\/2025\/05\/2025-tracto-724x1024.jpg\" alt=\"\" width=\"724\" height=\"1024\" srcset=\"http:\/\/flancourt-crescy-en-roumois.fr\/wp-content\/uploads\/2025\/05\/2025-tracto-724x1024.jpg 724w, http:\/\/flancourt-crescy-en-roumois.fr\/wp-content\/uploads\/2025\/05\/2025-tracto-212x300.jpg 212w, http:\/\/flancourt-crescy-en-roumois.fr\/wp-content\/uploads\/2025\/05\/2025-tracto-768x1086.jpg 768w, http:\/\/flancourt-crescy-en-roumois.fr\/wp-content\/uploads\/2025\/05\/2025-tracto-78x110.jpg 78w, http:\/\/flancourt-crescy-en-roumois.fr\/wp-content\/uploads\/2025\/05\/2025-tracto-50x70.jpg 50w, http:\/\/flancourt-crescy-en-roumois.fr\/wp-content\/uploads\/2025\/05\/2025-tracto-248x350.jpg 248w, http:\/\/flancourt-crescy-en-roumois.fr\/wp-content\/uploads\/2025\/05\/2025-tracto-313x442.jpg 313w, http:\/\/flancourt-crescy-en-roumois.fr\/wp-content\/uploads\/2025\/05\/2025-tracto.jpg 1414w\" sizes=\"(max-width: 724px) 100vw, 724px\" \/><\/a><\/p>","excerpt":"","slug":"tracto-bar-10","image":false,"all_day":false,"start_date":"2025-07-04 19:30:00","start_date_details":{"year":"2025","month":"07","day":"04","hour":"19","minutes":"30","seconds":"00"},"end_date":"2025-07-04 22:30:00","end_date_details":{"year":"2025","month":"07","day":"04","hour":"22","minutes":"30","seconds":"00"},"utc_start_date":"2025-07-04 17:30:00","utc_start_date_details":{"year":"2025","month":"07","day":"04","hour":"17","minutes":"30","seconds":"00"},"utc_end_date":"2025-07-04 20:30:00","utc_end_date_details":{"year":"2025","month":"07","day":"04","hour":"20","minutes":"30","seconds":"00"},"timezone":"Europe\/Paris","timezone_abbr":"CEST","cost":"","cost_details":{"currency_symbol":"","currency_position":"suffix","values":[]},"website":"","show_map":true,"show_map_link":true,"hide_from_listings":false,"sticky":false,"featured":false,"categories":[{"name":"Divertissement","slug":"divertissement","term_group":0,"term_taxonomy_id":5,"taxonomy":"tribe_events_cat","description":"","parent":0,"count":116,"filter":"raw","id":5,"urls":{"self":"http:\/\/flancourt-crescy-en-roumois.fr\/index.php?rest_route=\/tribe\/events\/v1\/categories\/5","collection":"http:\/\/flancourt-crescy-en-roumois.fr\/index.php?rest_route=\/tribe\/events\/v1\/categories"}}],"tags":[],"venue":{"id":88,"author":"1","status":"publish","date":"2018-01-09 08:02:34","date_utc":"2018-01-09 07:02:34","modified":"2021-11-08 22:05:26","modified_utc":"2021-11-08 21:05:26","url":"http:\/\/flancourt-crescy-en-roumois.fr\/?tribe_venue=salle-des-fetes-de-bosc-benard-crescy","venue":"Salle Bourvil","slug":"salle-des-fetes-de-bosc-benard-crescy","address":"Salle Bourvil, Place Roger Leclerc","city":"Flancourt-Crescy en Roumois","country":"France","zip":"27310","json_ld":{"@type":"Place","name":"Salle Bourvil","description":"","url":false,"address":{"@type":"PostalAddress","streetAddress":"Salle Bourvil, Place Roger Leclerc","addressLocality":"Flancourt-Crescy en Roumois","postalCode":"27310","addressCountry":"France"},"telephone":"","sameAs":""},"show_map":true,"show_map_link":true,"global_id":"flancourt-crescy-en-roumois.fr?id=88","global_id_lineage":["flancourt-crescy-en-roumois.fr?id=88"]},"organizer":[{"id":2796,"author":"1","status":"publish","date":"2022-08-22 10:28:50","date_utc":"2022-08-22 08:28:50","modified":"2023-05-05 10:14:07","modified_utc":"2023-05-05 08:14:07","url":"http:\/\/flancourt-crescy-en-roumois.fr\/?tribe_organizer=conseil-citoyen","organizer":"Collectif Citoyen","slug":"conseil-citoyen","json_ld":{"@type":"Person","name":"Collectif Citoyen","description":"","url":false,"telephone":"","email":"","sameAs":""},"global_id":"flancourt-crescy-en-roumois.fr?id=2796","global_id_lineage":["flancourt-crescy-en-roumois.fr?id=2796"]}],"json_ld":{"@context":"http:\/\/schema.org","@type":"Event","name":"Tract&rsquo;O Bar","description":"&lt;p&gt;Le Tract\\'o bar sera \u00e0 Bosc-B\u00e9nard-Crescy le vendredi 4 juillet de 19h30 \u00e0 22h30. R\u00e9servez votre soir\u00e9e&lt;\/p&gt;\\n","url":"http:\/\/flancourt-crescy-en-roumois.fr\/?tribe_events=tracto-bar-10","startDate":"2025-07-04T19:30:00+02:00","endDate":"2025-07-04T22:30:00+02:00","location":{"@type":"Place","name":"Salle Bourvil","description":"","url":false,"address":{"@type":"PostalAddress","streetAddress":"Salle Bourvil, Place Roger Leclerc","addressLocality":"Flancourt-Crescy en Roumois","postalCode":"27310","addressCountry":"France"},"telephone":"","sameAs":""},"organizer":{"@type":"Person","name":"Collectif Citoyen","description":"","url":false,"telephone":"","email":"","sameAs":""}}}