{"id":3658,"global_id":"flancourt-crescy-en-roumois.fr?id=3658","global_id_lineage":["flancourt-crescy-en-roumois.fr?id=3658"],"author":"1","status":"publish","date":"2025-03-21 11:52:29","date_utc":"2025-03-21 10:52:29","modified":"2025-03-21 11:52:29","modified_utc":"2025-03-21 10:52:29","url":"http:\/\/flancourt-crescy-en-roumois.fr\/?tribe_events=exposition-peinture-salon-de-printemps-8","rest_url":"http:\/\/flancourt-crescy-en-roumois.fr\/index.php?rest_route=\/tribe\/events\/v1\/events\/3658","title":"Exposition Peinture \u2013 Salon de Printemps","description":"<p><em>L\u2019association ERACLES<\/em> organise <strong>son salon de printemps<\/strong> les samedi 29 et dimanche 30 mars \u00e0 la salle CLAUDE MONET.<\/p>\n<p><span class=\"x193iq5w xeuugli x13faqbe x1vvkbs x1xmvt09 x1lliihq x1s928wv xhkezso x1gmr53x x1cpjm7i x1fgarty x1943h6x xudqn12 x3x7a5m x6prxxf xvq8zen xo1l8bm xzsf02u\" dir=\"auto\">L\u2019invit\u00e9 d\u2019honneur Franck GELINET sera entour\u00e9 des \u00e9l\u00e8ves des cours de peinture d\u2019ERACLES et son animatrice Patricia Martinez.<br \/>\n<\/span><\/p>\n<p>Entr\u00e9e libre de 10h00 \u00e0 12h00 et de 14h00 \u00e0 18h00<\/p>\n<p>Vernissage le samedi 29 mars \u00e0 18h00.<\/p>\n<p><a href=\"http:\/\/flancourt-crescy-en-roumois.fr\/wp-content\/uploads\/2025\/03\/20250329_30-ERACLES.jpg\"><img class=\"alignnone size-large wp-image-3651\" src=\"http:\/\/flancourt-crescy-en-roumois.fr\/wp-content\/uploads\/2025\/03\/20250329_30-ERACLES-738x1024.jpg\" alt=\"\" width=\"738\" height=\"1024\" srcset=\"http:\/\/flancourt-crescy-en-roumois.fr\/wp-content\/uploads\/2025\/03\/20250329_30-ERACLES-738x1024.jpg 738w, http:\/\/flancourt-crescy-en-roumois.fr\/wp-content\/uploads\/2025\/03\/20250329_30-ERACLES-216x300.jpg 216w, http:\/\/flancourt-crescy-en-roumois.fr\/wp-content\/uploads\/2025\/03\/20250329_30-ERACLES-768x1065.jpg 768w, http:\/\/flancourt-crescy-en-roumois.fr\/wp-content\/uploads\/2025\/03\/20250329_30-ERACLES-79x110.jpg 79w, http:\/\/flancourt-crescy-en-roumois.fr\/wp-content\/uploads\/2025\/03\/20250329_30-ERACLES-50x70.jpg 50w, http:\/\/flancourt-crescy-en-roumois.fr\/wp-content\/uploads\/2025\/03\/20250329_30-ERACLES-252x350.jpg 252w, http:\/\/flancourt-crescy-en-roumois.fr\/wp-content\/uploads\/2025\/03\/20250329_30-ERACLES-319x442.jpg 319w, http:\/\/flancourt-crescy-en-roumois.fr\/wp-content\/uploads\/2025\/03\/20250329_30-ERACLES.jpg 1080w\" sizes=\"(max-width: 738px) 100vw, 738px\" \/><\/a><\/p>","excerpt":"","slug":"exposition-peinture-salon-de-printemps-8","image":false,"all_day":false,"start_date":"2025-03-30 10:00:00","start_date_details":{"year":"2025","month":"03","day":"30","hour":"10","minutes":"00","seconds":"00"},"end_date":"2025-03-30 18:00:00","end_date_details":{"year":"2025","month":"03","day":"30","hour":"18","minutes":"00","seconds":"00"},"utc_start_date":"2025-03-30 08:00:00","utc_start_date_details":{"year":"2025","month":"03","day":"30","hour":"08","minutes":"00","seconds":"00"},"utc_end_date":"2025-03-30 16:00:00","utc_end_date_details":{"year":"2025","month":"03","day":"30","hour":"16","minutes":"00","seconds":"00"},"timezone":"Europe\/Paris","timezone_abbr":"CEST","cost":"","cost_details":{"currency_symbol":"","currency_position":"suffix","values":[]},"website":"","show_map":true,"show_map_link":true,"hide_from_listings":false,"sticky":false,"featured":false,"categories":[{"name":"Expo Peinture","slug":"expo-peinture","term_group":0,"term_taxonomy_id":16,"taxonomy":"tribe_events_cat","description":"","parent":0,"count":30,"filter":"raw","id":16,"urls":{"self":"http:\/\/flancourt-crescy-en-roumois.fr\/index.php?rest_route=\/tribe\/events\/v1\/categories\/16","collection":"http:\/\/flancourt-crescy-en-roumois.fr\/index.php?rest_route=\/tribe\/events\/v1\/categories"}}],"tags":[],"venue":{"id":79,"author":"1","status":"publish","date":"2018-01-08 23:18:38","date_utc":"2018-01-08 22:18:38","modified":"2021-11-08 22:01:34","modified_utc":"2021-11-08 21:01:34","url":"http:\/\/flancourt-crescy-en-roumois.fr\/?tribe_venue=maison-des-associations","venue":"Salle Claude Monet","slug":"maison-des-associations","address":"Salle Claude Monet, Rue des Tilleuls","city":"Flancourt-Crescy en Roumois","country":"France","zip":"27310","json_ld":{"@type":"Place","name":"Salle Claude Monet","description":"","url":false,"address":{"@type":"PostalAddress","streetAddress":"Salle Claude Monet, Rue des Tilleuls","addressLocality":"Flancourt-Crescy en Roumois","postalCode":"27310","addressCountry":"France"},"telephone":"","sameAs":""},"show_map":true,"show_map_link":true,"global_id":"flancourt-crescy-en-roumois.fr?id=79","global_id_lineage":["flancourt-crescy-en-roumois.fr?id=79"]},"organizer":[{"id":90,"author":"1","status":"publish","date":"2018-01-09 08:03:34","date_utc":"2018-01-09 07:03:34","modified":"2018-01-09 08:03:34","modified_utc":"2018-01-09 07:03:34","url":"http:\/\/flancourt-crescy-en-roumois.fr\/?tribe_organizer=eracles","organizer":"ERACLES","slug":"eracles","json_ld":{"@type":"Person","name":"ERACLES","description":"","url":false,"telephone":"","email":"","sameAs":""},"global_id":"flancourt-crescy-en-roumois.fr?id=90","global_id_lineage":["flancourt-crescy-en-roumois.fr?id=90"]}],"json_ld":{"@context":"http:\/\/schema.org","@type":"Event","name":"Exposition Peinture \u2013 Salon de Printemps","description":"&lt;p&gt;L\u2019association ERACLES organise son salon de printemps les samedi 29 et dimanche 30 mars \u00e0 la salle CLAUDE MONET. L\u2019invit\u00e9 d\u2019honneur Franck GELINET sera entour\u00e9 des \u00e9l\u00e8ves des cours de peinture d\u2019ERACLES et son animatrice Patricia Martinez. Entr\u00e9e libre de 10h00 \u00e0 12h00 et de 14h00 \u00e0 18h00 Vernissage le samedi 29 mars \u00e0 18h00.&lt;\/p&gt;\\n","url":"http:\/\/flancourt-crescy-en-roumois.fr\/?tribe_events=exposition-peinture-salon-de-printemps-8","startDate":"2025-03-30T10:00:00+02:00","endDate":"2025-03-30T18:00:00+02:00","location":{"@type":"Place","name":"Salle Claude Monet","description":"","url":false,"address":{"@type":"PostalAddress","streetAddress":"Salle Claude Monet, Rue des Tilleuls","addressLocality":"Flancourt-Crescy en Roumois","postalCode":"27310","addressCountry":"France"},"telephone":"","sameAs":""},"organizer":{"@type":"Person","name":"ERACLES","description":"","url":false,"telephone":"","email":"","sameAs":""}}}