{"id":3645,"global_id":"flancourt-crescy-en-roumois.fr?id=3645","global_id_lineage":["flancourt-crescy-en-roumois.fr?id=3645"],"author":"1","status":"publish","date":"2025-03-21 11:35:44","date_utc":"2025-03-21 10:35:44","modified":"2025-03-21 11:35:44","modified_utc":"2025-03-21 10:35:44","url":"http:\/\/flancourt-crescy-en-roumois.fr\/?tribe_events=commemorations-armistice-1939-1945-5","rest_url":"http:\/\/flancourt-crescy-en-roumois.fr\/index.php?rest_route=\/tribe\/events\/v1\/events\/3645","title":"Comm\u00e9morations Armistice 1939-1945","description":"<p><em>L&rsquo;association des Anciens Combattants et la municipalit\u00e9<\/em> invitent les habitants \u00e0 participer aux <strong>c\u00e9r\u00e9monies comm\u00e9moratives du 8 mai<\/strong>.<\/p>\n<p>Elles auront lieu devant les monuments aux morts de chaque hameau de la commune selon le programme suivant :<\/p>\n<ul>\n<li>10h40 \u00e0 Bosc-B\u00e9nard-Crescy,<\/li>\n<li>11h00 \u00e0 \u00c9preville-en-Roumois et<\/li>\n<li>11h30 \u00e0 Flancourt-Catelon.<\/li>\n<\/ul>\n<p>Cette derni\u00e8re sera suivie d&rsquo;un vin d&rsquo;honneur.<\/p>","excerpt":"","slug":"commemorations-armistice-1939-1945-5","image":false,"all_day":false,"start_date":"2025-05-08 10:40:00","start_date_details":{"year":"2025","month":"05","day":"08","hour":"10","minutes":"40","seconds":"00"},"end_date":"2025-05-08 12:00:00","end_date_details":{"year":"2025","month":"05","day":"08","hour":"12","minutes":"00","seconds":"00"},"utc_start_date":"2025-05-08 08:40:00","utc_start_date_details":{"year":"2025","month":"05","day":"08","hour":"08","minutes":"40","seconds":"00"},"utc_end_date":"2025-05-08 10:00:00","utc_end_date_details":{"year":"2025","month":"05","day":"08","hour":"10","minutes":"00","seconds":"00"},"timezone":"Europe\/Paris","timezone_abbr":"CEST","cost":"","cost_details":{"currency_symbol":"","currency_position":"suffix","values":[]},"website":"","show_map":true,"show_map_link":true,"hide_from_listings":false,"sticky":false,"featured":false,"categories":[{"name":"Comm\u00e9morations","slug":"commemorations","term_group":0,"term_taxonomy_id":20,"taxonomy":"tribe_events_cat","description":"","parent":0,"count":11,"filter":"raw","id":20,"urls":{"self":"http:\/\/flancourt-crescy-en-roumois.fr\/index.php?rest_route=\/tribe\/events\/v1\/categories\/20","collection":"http:\/\/flancourt-crescy-en-roumois.fr\/index.php?rest_route=\/tribe\/events\/v1\/categories"}}],"tags":[],"venue":{"id":80,"author":"1","status":"publish","date":"2018-01-08 23:19:22","date_utc":"2018-01-08 22:19:22","modified":"2022-02-26 08:38:39","modified_utc":"2022-02-26 07:38:39","url":"http:\/\/flancourt-crescy-en-roumois.fr\/?tribe_venue=salle-des-fetes-de-flancourt-catelon","venue":"Salle Jos\u00e9phine Baker","slug":"salle-des-fetes-de-flancourt-catelon","address":"Salle Jos\u00e9phine Baker","city":"Flancourt-Crescy en Roumois","country":"France","zip":"27310","json_ld":{"@type":"Place","name":"Salle Jos\u00e9phine Baker","description":"","url":false,"address":{"@type":"PostalAddress","streetAddress":"Salle Jos\u00e9phine Baker","addressLocality":"Flancourt-Crescy en Roumois","postalCode":"27310","addressCountry":"France"},"telephone":"","sameAs":""},"show_map":true,"show_map_link":true,"global_id":"flancourt-crescy-en-roumois.fr?id=80","global_id_lineage":["flancourt-crescy-en-roumois.fr?id=80"]},"organizer":[{"id":1113,"author":"1","status":"publish","date":"2018-02-18 16:49:32","date_utc":"2018-02-18 15:49:32","modified":"2018-02-18 16:53:45","modified_utc":"2018-02-18 15:53:45","url":"http:\/\/flancourt-crescy-en-roumois.fr\/?tribe_organizer=anciens-combattants-de-flancourt-catelon","organizer":"Anciens Combattants","slug":"anciens-combattants-de-flancourt-catelon","json_ld":{"@type":"Person","name":"Anciens Combattants","description":"","url":false,"telephone":"","email":"","sameAs":""},"global_id":"flancourt-crescy-en-roumois.fr?id=1113","global_id_lineage":["flancourt-crescy-en-roumois.fr?id=1113"]},{"id":86,"author":"1","status":"publish","date":"2018-01-09 07:58:25","date_utc":"2018-01-09 06:58:25","modified":"2018-01-09 07:58:25","modified_utc":"2018-01-09 06:58:25","url":"http:\/\/flancourt-crescy-en-roumois.fr\/?tribe_organizer=municipalite","organizer":"Municipalit\u00e9","slug":"municipalite","json_ld":{"@type":"Person","name":"Municipalit\u00e9","description":"","url":false,"telephone":"","email":"","sameAs":""},"global_id":"flancourt-crescy-en-roumois.fr?id=86","global_id_lineage":["flancourt-crescy-en-roumois.fr?id=86"]}],"json_ld":{"@context":"http:\/\/schema.org","@type":"Event","name":"Comm\u00e9morations Armistice 1939-1945","description":"&lt;p&gt;L\\'association des Anciens Combattants et la municipalit\u00e9 invitent les habitants \u00e0 participer aux c\u00e9r\u00e9monies comm\u00e9moratives du 8 mai. Elles auront lieu devant les monuments aux morts de chaque hameau de la commune selon le programme suivant : 10h40 \u00e0 Bosc-B\u00e9nard-Crescy, 11h00 \u00e0 \u00c9preville-en-Roumois et 11h30 \u00e0 Flancourt-Catelon. Cette derni\u00e8re sera suivie d\\'un vin d\\'honneur.&lt;\/p&gt;\\n","url":"http:\/\/flancourt-crescy-en-roumois.fr\/?tribe_events=commemorations-armistice-1939-1945-5","startDate":"2025-05-08T10:40:00+02:00","endDate":"2025-05-08T12:00:00+02:00","location":{"@type":"Place","name":"Salle Jos\u00e9phine Baker","description":"","url":false,"address":{"@type":"PostalAddress","streetAddress":"Salle Jos\u00e9phine Baker","addressLocality":"Flancourt-Crescy en Roumois","postalCode":"27310","addressCountry":"France"},"telephone":"","sameAs":""},"organizer":{"@type":"Person","name":"Anciens Combattants","description":"","url":false,"telephone":"","email":"","sameAs":""}}}