{"id":3612,"global_id":"flancourt-crescy-en-roumois.fr?id=3612","global_id_lineage":["flancourt-crescy-en-roumois.fr?id=3612"],"author":"1","status":"publish","date":"2025-01-13 11:22:46","date_utc":"2025-01-13 10:22:46","modified":"2025-01-13 11:26:36","modified_utc":"2025-01-13 10:26:36","url":"http:\/\/flancourt-crescy-en-roumois.fr\/?tribe_events=latelier-des-idees","rest_url":"http:\/\/flancourt-crescy-en-roumois.fr\/index.php?rest_route=\/tribe\/events\/v1\/events\/3612","title":"L&rsquo;atelier des id\u00e9es","description":"<div class=\"html-div xdj266r x11i5rnm xat24cr x1mh8g0r xexx8yu x4uap5 x18d9i69 xkhd6sd\" dir=\"auto\">\n<div class=\"html-div xdj266r x11i5rnm xat24cr x1mh8g0r xexx8yu x4uap5 x18d9i69 xkhd6sd\" dir=\"auto\">\n<div class=\"html-div xdj266r x11i5rnm xat24cr x1mh8g0r xexx8yu x4uap5 x18d9i69 xkhd6sd\" data-ad-rendering-role=\"story_message\">\n<div class=\"x1l90r2v x1iorvi4 x1ye3gou xn6708d\" data-ad-comet-preview=\"message\" data-ad-preview=\"message\">\n<div class=\"x78zum5 xdt5ytf xz62fqu x16ldp7u\">\n<div class=\"xu06os2 x1ok221b\">\n<div class=\"xdj266r x11i5rnm xat24cr x1mh8g0r x1vvkbs x126k92a\">\n<div dir=\"auto\">Le collectif citoyen vous donne rendez-vous le jeudi 23 janvier pour un atelier original de partage d&rsquo;id\u00e9es et d&rsquo;envies, afin de les accompagner dans la construction de projets 2025 qui vous ressemblent.<\/div>\n<div dir=\"auto\">Int\u00e9ress\u00e9(e) ?<\/div>\n<div dir=\"auto\">Juste curieux(se) ?<\/div>\n<div dir=\"auto\">N&rsquo;h\u00e9sitez pas \u00e0 pousser la porte de la salle Claude Monet \u00e0 \u00c9preville-en-Roumois. Ils vous attendent avec grand plaisir <span class=\"html-span xexx8yu x4uap5 x18d9i69 xkhd6sd x1hl2dhg x16tdsg8 x1vvkbs x3nfvp2 x1j61x8r x1fcty0u xdj266r xat24cr xgzva0m xhhsvwb xxymvpz xlup9mm x1kky2od\"><img class=\"xz74otr\" src=\"https:\/\/static.xx.fbcdn.net\/images\/emoji.php\/v9\/t4c\/1\/16\/1f642.png\" alt=\"\ud83d\ude42\" width=\"16\" height=\"16\" \/><a href=\"http:\/\/flancourt-crescy-en-roumois.fr\/wp-content\/uploads\/2025\/01\/20250123-atelier-idees.jpg\"><img class=\"alignnone size-full wp-image-3613\" src=\"http:\/\/flancourt-crescy-en-roumois.fr\/wp-content\/uploads\/2025\/01\/20250123-atelier-idees.jpg\" alt=\"\" width=\"526\" height=\"526\" srcset=\"http:\/\/flancourt-crescy-en-roumois.fr\/wp-content\/uploads\/2025\/01\/20250123-atelier-idees.jpg 526w, http:\/\/flancourt-crescy-en-roumois.fr\/wp-content\/uploads\/2025\/01\/20250123-atelier-idees-150x150.jpg 150w, http:\/\/flancourt-crescy-en-roumois.fr\/wp-content\/uploads\/2025\/01\/20250123-atelier-idees-300x300.jpg 300w, http:\/\/flancourt-crescy-en-roumois.fr\/wp-content\/uploads\/2025\/01\/20250123-atelier-idees-110x110.jpg 110w, http:\/\/flancourt-crescy-en-roumois.fr\/wp-content\/uploads\/2025\/01\/20250123-atelier-idees-70x70.jpg 70w, http:\/\/flancourt-crescy-en-roumois.fr\/wp-content\/uploads\/2025\/01\/20250123-atelier-idees-350x350.jpg 350w, http:\/\/flancourt-crescy-en-roumois.fr\/wp-content\/uploads\/2025\/01\/20250123-atelier-idees-442x442.jpg 442w\" sizes=\"(max-width: 526px) 100vw, 526px\" \/><\/a><\/span><\/div>\n<\/div>\n<\/div>\n<\/div>\n<\/div>\n<\/div>\n<\/div>\n<\/div>","excerpt":"","slug":"latelier-des-idees","image":false,"all_day":false,"start_date":"2025-01-23 20:00:00","start_date_details":{"year":"2025","month":"01","day":"23","hour":"20","minutes":"00","seconds":"00"},"end_date":"2025-01-23 22:00:00","end_date_details":{"year":"2025","month":"01","day":"23","hour":"22","minutes":"00","seconds":"00"},"utc_start_date":"2025-01-23 19:00:00","utc_start_date_details":{"year":"2025","month":"01","day":"23","hour":"19","minutes":"00","seconds":"00"},"utc_end_date":"2025-01-23 21:00:00","utc_end_date_details":{"year":"2025","month":"01","day":"23","hour":"21","minutes":"00","seconds":"00"},"timezone":"Europe\/Paris","timezone_abbr":"CET","cost":"","cost_details":{"currency_symbol":"","currency_position":"suffix","values":[]},"website":"","show_map":true,"show_map_link":true,"hide_from_listings":false,"sticky":false,"featured":false,"categories":[{"name":"R\u00e9union Publique","slug":"reunion_publique","term_group":0,"term_taxonomy_id":3,"taxonomy":"tribe_events_cat","description":"","parent":0,"count":22,"filter":"raw","id":3,"urls":{"self":"http:\/\/flancourt-crescy-en-roumois.fr\/index.php?rest_route=\/tribe\/events\/v1\/categories\/3","collection":"http:\/\/flancourt-crescy-en-roumois.fr\/index.php?rest_route=\/tribe\/events\/v1\/categories"}}],"tags":[],"venue":{"id":79,"author":"1","status":"publish","date":"2018-01-08 23:18:38","date_utc":"2018-01-08 22:18:38","modified":"2021-11-08 22:01:34","modified_utc":"2021-11-08 21:01:34","url":"http:\/\/flancourt-crescy-en-roumois.fr\/?tribe_venue=maison-des-associations","venue":"Salle Claude Monet","slug":"maison-des-associations","address":"Salle Claude Monet, Rue des Tilleuls","city":"Flancourt-Crescy en Roumois","country":"France","zip":"27310","json_ld":{"@type":"Place","name":"Salle Claude Monet","description":"","url":false,"address":{"@type":"PostalAddress","streetAddress":"Salle Claude Monet, Rue des Tilleuls","addressLocality":"Flancourt-Crescy en Roumois","postalCode":"27310","addressCountry":"France"},"telephone":"","sameAs":""},"show_map":true,"show_map_link":true,"global_id":"flancourt-crescy-en-roumois.fr?id=79","global_id_lineage":["flancourt-crescy-en-roumois.fr?id=79"]},"organizer":[{"id":2796,"author":"1","status":"publish","date":"2022-08-22 10:28:50","date_utc":"2022-08-22 08:28:50","modified":"2023-05-05 10:14:07","modified_utc":"2023-05-05 08:14:07","url":"http:\/\/flancourt-crescy-en-roumois.fr\/?tribe_organizer=conseil-citoyen","organizer":"Collectif Citoyen","slug":"conseil-citoyen","json_ld":{"@type":"Person","name":"Collectif Citoyen","description":"","url":false,"telephone":"","email":"","sameAs":""},"global_id":"flancourt-crescy-en-roumois.fr?id=2796","global_id_lineage":["flancourt-crescy-en-roumois.fr?id=2796"]}],"json_ld":{"@context":"http:\/\/schema.org","@type":"Event","name":"L&rsquo;atelier des id\u00e9es","description":"&lt;p&gt;Le collectif citoyen vous donne rendez-vous le jeudi 23 janvier pour un atelier original de partage d\\'id\u00e9es et d\\'envies, afin de les accompagner dans la construction de projets 2025 qui vous ressemblent. Int\u00e9ress\u00e9(e) ? Juste curieux(se) ? N\\'h\u00e9sitez pas \u00e0 pousser la porte de la salle Claude Monet \u00e0 \u00c9preville-en-Roumois. Ils vous attendent avec grand [&hellip;]&lt;\/p&gt;\\n","url":"http:\/\/flancourt-crescy-en-roumois.fr\/?tribe_events=latelier-des-idees","startDate":"2025-01-23T20:00:00+01:00","endDate":"2025-01-23T22:00:00+01:00","location":{"@type":"Place","name":"Salle Claude Monet","description":"","url":false,"address":{"@type":"PostalAddress","streetAddress":"Salle Claude Monet, Rue des Tilleuls","addressLocality":"Flancourt-Crescy en Roumois","postalCode":"27310","addressCountry":"France"},"telephone":"","sameAs":""},"organizer":{"@type":"Person","name":"Collectif Citoyen","description":"","url":false,"telephone":"","email":"","sameAs":""}}}