{"events":[{"id":4001,"global_id":"flancourt-crescy-en-roumois.fr?id=4001","global_id_lineage":["flancourt-crescy-en-roumois.fr?id=4001"],"author":"1","status":"publish","date":"2026-03-01 11:52:03","date_utc":"2026-03-01 10:52:03","modified":"2026-03-01 11:52:03","modified_utc":"2026-03-01 10:52:03","url":"http:\/\/flancourt-crescy-en-roumois.fr\/?tribe_events=commemorations-armistice-1939-1945-6","rest_url":"http:\/\/flancourt-crescy-en-roumois.fr\/index.php?rest_route=\/tribe\/events\/v1\/events\/4001","title":"Comm\u00e9morations Armistice 1939-1945","description":"<p><em>L&rsquo;association des Anciens Combattants et la municipalit\u00e9<\/em> invitent les habitants \u00e0 participer aux <strong>c\u00e9r\u00e9monies comm\u00e9moratives du 8 mai<\/strong>.<\/p>\n<p>Elles auront lieu devant les monuments aux morts de chaque hameau de la commune selon le programme suivant :<\/p>\n<ul>\n<li>10h40 \u00e0 Bosc-B\u00e9nard-Crescy,<\/li>\n<li>11h00 \u00e0 \u00c9preville-en-Roumois et<\/li>\n<li>11h30 \u00e0 Flancourt-Catelon.<\/li>\n<\/ul>\n<p>Cette derni\u00e8re sera suivie d&rsquo;un vin d&rsquo;honneur.<\/p>","excerpt":"","slug":"commemorations-armistice-1939-1945-6","image":false,"all_day":false,"start_date":"2026-05-08 10:40:00","start_date_details":{"year":"2026","month":"05","day":"08","hour":"10","minutes":"40","seconds":"00"},"end_date":"2026-05-08 12:00:00","end_date_details":{"year":"2026","month":"05","day":"08","hour":"12","minutes":"00","seconds":"00"},"utc_start_date":"2026-05-08 08:40:00","utc_start_date_details":{"year":"2026","month":"05","day":"08","hour":"08","minutes":"40","seconds":"00"},"utc_end_date":"2026-05-08 10:00:00","utc_end_date_details":{"year":"2026","month":"05","day":"08","hour":"10","minutes":"00","seconds":"00"},"timezone":"Europe\/Paris","timezone_abbr":"CEST","cost":"","cost_details":{"currency_symbol":"","currency_position":"suffix","values":[]},"website":"","show_map":true,"show_map_link":true,"hide_from_listings":false,"sticky":false,"featured":false,"categories":[{"name":"Comm\u00e9morations","slug":"commemorations","term_group":0,"term_taxonomy_id":20,"taxonomy":"tribe_events_cat","description":"","parent":0,"count":11,"filter":"raw","id":20,"urls":{"self":"http:\/\/flancourt-crescy-en-roumois.fr\/index.php?rest_route=\/tribe\/events\/v1\/categories\/20","collection":"http:\/\/flancourt-crescy-en-roumois.fr\/index.php?rest_route=\/tribe\/events\/v1\/categories"}}],"tags":[],"venue":{"id":1224,"author":"1","status":"publish","date":"2018-03-21 09:49:56","date_utc":"2018-03-21 08:49:56","modified":"2021-11-08 21:40:26","modified_utc":"2021-11-08 20:40:26","url":"http:\/\/flancourt-crescy-en-roumois.fr\/?tribe_venue=mairie","venue":"Mairie","slug":"mairie","address":"1 Place Roger Leclerc, Hameau de Bosc-B\u00e9nard Crescy","city":"Flancourt-Crescy en Roumois","country":"France","zip":"27310","show_map":true,"show_map_link":true,"global_id":"flancourt-crescy-en-roumois.fr?id=1224","global_id_lineage":["flancourt-crescy-en-roumois.fr?id=1224"]},"organizer":[{"id":1113,"author":"1","status":"publish","date":"2018-02-18 16:49:32","date_utc":"2018-02-18 15:49:32","modified":"2018-02-18 16:53:45","modified_utc":"2018-02-18 15:53:45","url":"http:\/\/flancourt-crescy-en-roumois.fr\/?tribe_organizer=anciens-combattants-de-flancourt-catelon","organizer":"Anciens Combattants","slug":"anciens-combattants-de-flancourt-catelon","global_id":"flancourt-crescy-en-roumois.fr?id=1113","global_id_lineage":["flancourt-crescy-en-roumois.fr?id=1113"]},{"id":86,"author":"1","status":"publish","date":"2018-01-09 07:58:25","date_utc":"2018-01-09 06:58:25","modified":"2018-01-09 07:58:25","modified_utc":"2018-01-09 06:58:25","url":"http:\/\/flancourt-crescy-en-roumois.fr\/?tribe_organizer=municipalite","organizer":"Municipalit\u00e9","slug":"municipalite","global_id":"flancourt-crescy-en-roumois.fr?id=86","global_id_lineage":["flancourt-crescy-en-roumois.fr?id=86"]}]}],"rest_url":"http:\/\/flancourt-crescy-en-roumois.fr\/index.php?rest_route=%2Ftribe%2Fevents%2Fv1%2Fevents%2F&page=1&per_page=10&start_date=2026-04-30 00:00:00&end_date=2028-04-30 23:59:59","total":"1","total_pages":1}